{"id":1621,"date":"2019-06-10T11:46:02","date_gmt":"2019-06-10T09:46:02","guid":{"rendered":"https:\/\/es.sx-magazine-wp.sixt.io\/magazine\/?p=1621"},"modified":"2019-10-17T12:10:22","modified_gmt":"2019-10-17T10:10:22","slug":"sixt-crece-en-el-pais-vasco-con-una-nueva-oficina-en-bilbao","status":"publish","type":"post","link":"https:\/\/www.sixt.es\/magazine\/novedades\/sixt-crece-en-el-pais-vasco-con-una-nueva-oficina-en-bilbao\/","title":{"rendered":"Sixt crece en el Pa\u00eds Vasco con una nueva oficina en Bilbao"},"content":{"rendered":"<ul>\n<li><strong>La sucursal est\u00e1 ubicada en la Plaza Circular, n\u00famero 2.<\/strong><\/li>\n<li><strong>Es el tercer punto de alquiler de Sixt en Bilbao<\/strong><\/li>\n<\/ul>\n<p>El turismo es cada vez m\u00e1s una industria que est\u00e1 desarroll\u00e1ndose con mucha fuerza en la ciudad de <strong>Bilbao<\/strong>. &nbsp;A todos los atractivos ya tradicionales de la ciudad: Museo Guggenheim, la Plaza Nueva, el Teatro Arriaga, Mercado de la Ribera, la Alh\u00f3ndiga, Teatro Campos El\u00edseos, Puente Zubizuri, etc\u2026 ahora se le suman las muchas actividades que el gobierno de la ciudad pone en marcha para atraer a varios miles de visitantes, no solo por ocio, sino tambi\u00e9n por negocio.<\/p>\n<p><img decoding=\"async\" class=\"aligncenter wp-image-1622 size-full lazyload\" data-src=\"https:\/\/es.sx-magazine-wp.sixt.io\/magazine\/wp-content\/uploads\/sites\/7\/2019\/06\/Oficina-bilbao.jpg\" alt=\"\" width=\"1440\" height=\"962\" data-srcset=\"https:\/\/www.sixt.es\/magazine\/wp-content\/uploads\/\/sites\/7\/2019\/06\/Oficina-bilbao.jpg 1440w, https:\/\/www.sixt.es\/magazine\/wp-content\/uploads\/\/sites\/7\/2019\/06\/Oficina-bilbao-300x200.jpg 300w, https:\/\/www.sixt.es\/magazine\/wp-content\/uploads\/\/sites\/7\/2019\/06\/Oficina-bilbao-768x513.jpg 768w, https:\/\/www.sixt.es\/magazine\/wp-content\/uploads\/\/sites\/7\/2019\/06\/Oficina-bilbao-1024x684.jpg 1024w\" data-sizes=\"(max-width: 1440px) 100vw, 1440px\" src=\"data:image\/svg+xml;base64,PHN2ZyB3aWR0aD0iMSIgaGVpZ2h0PSIxIiB4bWxucz0iaHR0cDovL3d3dy53My5vcmcvMjAwMC9zdmciPjwvc3ZnPg==\" style=\"--smush-placeholder-width: 1440px; --smush-placeholder-aspect-ratio: 1440\/962;\" \/><\/p>\n<p>Iniciativas como Arteshop, en el que 75 comercios de Bilbao se convierten en salas de exposiciones para los alumnos de la Escuela de Bellas Artes; O tambi\u00e9n eventos como el Certamen Internacional de Turismo de Bilbao; o eventos de turismo gastron\u00f3micos, como la Feria Expovacaciones de Bilbao est\u00e1n consiguiendo que la afluencia de visitantes se vea aumentada de forma exponencial a\u00f1o tras a\u00f1o a la ciudad de Bilbao. A ello se une la llegada de grandes barcos de crucero con miles de turistas deseando conocer lo mejor de la ciudad e iniciativas como la de Iberdrola, que ha abierto su torre de 115 metros de altura, como mirador espectacular, para que el visitante pueda contemplar la ciudad con una vista de 360 grados.<!--more--><\/p>\n<p>Sixt se posiciona en Bilbao <a href=\"https:\/\/www.sixt.es\/alquiler-coches\/espana\/bilbao\/estacion-bilbao-abando\" target=\"_blank\" rel=\"noopener noreferrer\">con una nueva oficina de alquiler de veh\u00edculos<\/a>, en pleno centro de la Ciudad. Denominada <strong>Bilbao Abando Renfe<\/strong>, la oficina se sit\u00faa en el n\u00famero 2 de Plaza Circular, a pocos metros de la Gran V\u00eda, del casco viejo y a 10 minutos del Ayuntamiento. La sucursal abrir\u00e1 en horario de 8,00 horas a 20,00 horas y los fines de semana lo har\u00e1 de 9,00 horas a 13,00 horas y por la tarde de 16,00 horas a 20,00 horas.<\/p>\n<p><strong>Estanislao de Mata, Director General de Sixt Espa\u00f1a:<\/strong> \u201ccon la apertura de esta nueva oficina, ya son tres puntos donde ofrecemos nuestros servicios en Bilbao. Cuando llegamos a la ciudad nos instalamos en las inmediaciones del aeropuerto para posteriormente abrir en la Plaza de Euskadi, justo al lado de la emblem\u00e1tica Torre Iberdrola. Con esta tercera apertura daremos servicio tanto al ciudadano de Bilbao como a los pasajeros que lleguen en tren a la ciudad. Para Sixt es importante dar servicio tanto al cliente corporativo que viaja por negocios, como el visitante vacacional que necesita de un veh\u00edculo para visitar los lugares m\u00e1s tur\u00edsticos de la comarca\u201d.<\/p>\n<p>Sixt va a contar con una amplia flota de coches en las que van a destacar marcas Premium como <a href=\"https:\/\/www.bmw.es\/es\/index.html\" target=\"_blank\" rel=\"noopener noreferrer\">BMW<\/a>, Mercedes Benz, Audi o Volkswagen, pero incorporando veh\u00edculos para todo tipo de presupuestos. La flota de Sixt cuenta con una amplia gama de veh\u00edculos altamente equipados y que son <strong>renovados cada 6 meses<\/strong>, con el objetivo de que el cliente sepa que con Sixt siempre conducir\u00e1 un veh\u00edculo casi de estreno.<\/p>\n<p>&nbsp;<\/p>\n<!-- AddThis Advanced Settings generic via filter on the_content --><!-- AddThis Share Buttons generic via filter on the_content -->","protected":false},"excerpt":{"rendered":"<p>La sucursal est\u00e1 ubicada en la Plaza Circular, n\u00famero 2. Es el tercer punto de alquiler de Sixt en Bilbao El turismo es cada vez m\u00e1s una industria que est\u00e1 desarroll\u00e1ndose con mucha fuerza en la ciudad de Bilbao. &nbsp;A todos los atractivos ya tradicionales de la ciudad: Museo Guggenheim, la Plaza Nueva, el Teatro&#8230;<!-- AddThis Advanced Settings generic via filter on get_the_excerpt --><!-- AddThis Share Buttons generic via filter on get_the_excerpt --><\/p>\n","protected":false},"author":111,"featured_media":0,"comment_status":"open","ping_status":"open","sticky":false,"template":"","format":"standard","meta":{"_genesis_hide_title":false,"_genesis_hide_breadcrumbs":false,"_genesis_hide_singular_image":false,"_genesis_hide_footer_widgets":false,"_genesis_custom_body_class":"","_genesis_custom_post_class":"","_genesis_layout":"","ngg_post_thumbnail":0,"footnotes":""},"categories":[2],"tags":[42],"class_list":{"0":"post-1621","1":"post","2":"type-post","3":"status-publish","4":"format-standard","6":"category-novedades","7":"tag-alquiler-de-coches","8":"entry","9":"has-post-thumbnail"},"yoast_head":"<!-- This site is optimized with the Yoast SEO plugin v27.1.1 - https:\/\/yoast.com\/product\/yoast-seo-wordpress\/ -->\n<title>Sixt crece en el Pa\u00eds Vasco con una nueva oficina en Bilbao | SIXT Magazine | Espa\u00f1a<\/title>\n<meta name=\"robots\" content=\"index, follow, max-snippet:-1, max-image-preview:large, max-video-preview:-1\" \/>\n<link rel=\"canonical\" href=\"https:\/\/www.sixt.es\/magazine\/novedades\/sixt-crece-en-el-pais-vasco-con-una-nueva-oficina-en-bilbao\/\" \/>\n<meta property=\"og:locale\" content=\"es_ES\" \/>\n<meta property=\"og:type\" content=\"article\" \/>\n<meta property=\"og:title\" content=\"Sixt crece en el Pa\u00eds Vasco con una nueva oficina en Bilbao | SIXT Magazine | Espa\u00f1a\" \/>\n<meta property=\"og:description\" content=\"La sucursal est\u00e1 ubicada en la Plaza Circular, n\u00famero 2. Es el tercer punto de alquiler de Sixt en Bilbao El turismo es cada vez m\u00e1s una industria que est\u00e1 desarroll\u00e1ndose con mucha fuerza en la ciudad de Bilbao. &nbsp;A todos los atractivos ya tradicionales de la ciudad: Museo Guggenheim, la Plaza Nueva, el Teatro...\" \/>\n<meta property=\"og:url\" content=\"https:\/\/www.sixt.es\/magazine\/novedades\/sixt-crece-en-el-pais-vasco-con-una-nueva-oficina-en-bilbao\/\" \/>\n<meta property=\"og:site_name\" content=\"SIXT Magazine | Espa\u00f1a\" \/>\n<meta property=\"article:publisher\" content=\"https:\/\/www.facebook.com\/sixtalquilerdecoches\/\" \/>\n<meta property=\"article:published_time\" content=\"2019-06-10T09:46:02+00:00\" \/>\n<meta property=\"article:modified_time\" content=\"2019-10-17T10:10:22+00:00\" \/>\n<meta property=\"og:image\" content=\"https:\/\/es.sx-magazine-wp.sixt.io\/magazine\/wp-content\/uploads\/sites\/7\/2019\/06\/Oficina-bilbao.jpg\" \/>\n<meta name=\"author\" content=\"packermann\" \/>\n<meta name=\"twitter:card\" content=\"summary_large_image\" \/>\n<meta name=\"twitter:creator\" content=\"@sixtespana\" \/>\n<meta name=\"twitter:site\" content=\"@sixtespana\" \/>\n<meta name=\"twitter:label1\" content=\"Escrito por\" \/>\n\t<meta name=\"twitter:data1\" content=\"packermann\" \/>\n\t<meta name=\"twitter:label2\" content=\"Tiempo de lectura\" \/>\n\t<meta name=\"twitter:data2\" content=\"2 minutos\" \/>\n<!-- \/ Yoast SEO plugin. -->","yoast_head_json":{"title":"Sixt crece en el Pa\u00eds Vasco con una nueva oficina en Bilbao | SIXT Magazine | Espa\u00f1a","robots":{"index":"index","follow":"follow","max-snippet":"max-snippet:-1","max-image-preview":"max-image-preview:large","max-video-preview":"max-video-preview:-1"},"canonical":"https:\/\/www.sixt.es\/magazine\/novedades\/sixt-crece-en-el-pais-vasco-con-una-nueva-oficina-en-bilbao\/","og_locale":"es_ES","og_type":"article","og_title":"Sixt crece en el Pa\u00eds Vasco con una nueva oficina en Bilbao | SIXT Magazine | Espa\u00f1a","og_description":"La sucursal est\u00e1 ubicada en la Plaza Circular, n\u00famero 2. Es el tercer punto de alquiler de Sixt en Bilbao El turismo es cada vez m\u00e1s una industria que est\u00e1 desarroll\u00e1ndose con mucha fuerza en la ciudad de Bilbao. &nbsp;A todos los atractivos ya tradicionales de la ciudad: Museo Guggenheim, la Plaza Nueva, el Teatro...","og_url":"https:\/\/www.sixt.es\/magazine\/novedades\/sixt-crece-en-el-pais-vasco-con-una-nueva-oficina-en-bilbao\/","og_site_name":"SIXT Magazine | Espa\u00f1a","article_publisher":"https:\/\/www.facebook.com\/sixtalquilerdecoches\/","article_published_time":"2019-06-10T09:46:02+00:00","article_modified_time":"2019-10-17T10:10:22+00:00","og_image":[{"url":"https:\/\/es.sx-magazine-wp.sixt.io\/magazine\/wp-content\/uploads\/sites\/7\/2019\/06\/Oficina-bilbao.jpg","type":"","width":"","height":""}],"author":"packermann","twitter_card":"summary_large_image","twitter_creator":"@sixtespana","twitter_site":"@sixtespana","twitter_misc":{"Escrito por":"packermann","Tiempo de lectura":"2 minutos"},"schema":{"@context":"https:\/\/schema.org","@graph":[{"@type":"Article","@id":"https:\/\/www.sixt.es\/magazine\/novedades\/sixt-crece-en-el-pais-vasco-con-una-nueva-oficina-en-bilbao\/#article","isPartOf":{"@id":"https:\/\/www.sixt.es\/magazine\/novedades\/sixt-crece-en-el-pais-vasco-con-una-nueva-oficina-en-bilbao\/"},"author":{"name":"packermann","@id":"https:\/\/www.sixt.es\/magazine\/#\/schema\/person\/ed2af37c9b0ee5c0d0358abc9c9c67f1"},"headline":"Sixt crece en el Pa\u00eds Vasco con una nueva oficina en Bilbao","datePublished":"2019-06-10T09:46:02+00:00","dateModified":"2019-10-17T10:10:22+00:00","mainEntityOfPage":{"@id":"https:\/\/www.sixt.es\/magazine\/novedades\/sixt-crece-en-el-pais-vasco-con-una-nueva-oficina-en-bilbao\/"},"wordCount":509,"commentCount":0,"image":{"@id":"https:\/\/www.sixt.es\/magazine\/novedades\/sixt-crece-en-el-pais-vasco-con-una-nueva-oficina-en-bilbao\/#primaryimage"},"thumbnailUrl":"https:\/\/es.sx-magazine-wp.sixt.io\/magazine\/wp-content\/uploads\/sites\/7\/2019\/06\/Oficina-bilbao.jpg","keywords":["alquiler de coches"],"articleSection":["Novedades Sixt"],"inLanguage":"es","potentialAction":[{"@type":"CommentAction","name":"Comment","target":["https:\/\/www.sixt.es\/magazine\/novedades\/sixt-crece-en-el-pais-vasco-con-una-nueva-oficina-en-bilbao\/#respond"]}]},{"@type":"WebPage","@id":"https:\/\/www.sixt.es\/magazine\/novedades\/sixt-crece-en-el-pais-vasco-con-una-nueva-oficina-en-bilbao\/","url":"https:\/\/www.sixt.es\/magazine\/novedades\/sixt-crece-en-el-pais-vasco-con-una-nueva-oficina-en-bilbao\/","name":"Sixt crece en el Pa\u00eds Vasco con una nueva oficina en Bilbao | SIXT Magazine | Espa\u00f1a","isPartOf":{"@id":"https:\/\/www.sixt.es\/magazine\/#website"},"primaryImageOfPage":{"@id":"https:\/\/www.sixt.es\/magazine\/novedades\/sixt-crece-en-el-pais-vasco-con-una-nueva-oficina-en-bilbao\/#primaryimage"},"image":{"@id":"https:\/\/www.sixt.es\/magazine\/novedades\/sixt-crece-en-el-pais-vasco-con-una-nueva-oficina-en-bilbao\/#primaryimage"},"thumbnailUrl":"https:\/\/es.sx-magazine-wp.sixt.io\/magazine\/wp-content\/uploads\/sites\/7\/2019\/06\/Oficina-bilbao.jpg","datePublished":"2019-06-10T09:46:02+00:00","dateModified":"2019-10-17T10:10:22+00:00","author":{"@id":"https:\/\/www.sixt.es\/magazine\/#\/schema\/person\/ed2af37c9b0ee5c0d0358abc9c9c67f1"},"breadcrumb":{"@id":"https:\/\/www.sixt.es\/magazine\/novedades\/sixt-crece-en-el-pais-vasco-con-una-nueva-oficina-en-bilbao\/#breadcrumb"},"inLanguage":"es","potentialAction":[{"@type":"ReadAction","target":["https:\/\/www.sixt.es\/magazine\/novedades\/sixt-crece-en-el-pais-vasco-con-una-nueva-oficina-en-bilbao\/"]}]},{"@type":"ImageObject","inLanguage":"es","@id":"https:\/\/www.sixt.es\/magazine\/novedades\/sixt-crece-en-el-pais-vasco-con-una-nueva-oficina-en-bilbao\/#primaryimage","url":"https:\/\/es.sx-magazine-wp.sixt.io\/magazine\/wp-content\/uploads\/sites\/7\/2019\/06\/Oficina-bilbao.jpg","contentUrl":"https:\/\/es.sx-magazine-wp.sixt.io\/magazine\/wp-content\/uploads\/sites\/7\/2019\/06\/Oficina-bilbao.jpg"},{"@type":"BreadcrumbList","@id":"https:\/\/www.sixt.es\/magazine\/novedades\/sixt-crece-en-el-pais-vasco-con-una-nueva-oficina-en-bilbao\/#breadcrumb","itemListElement":[{"@type":"ListItem","position":1,"name":"Home","item":"https:\/\/www.sixt.es\/magazine\/"},{"@type":"ListItem","position":2,"name":"Novedades Sixt","item":"https:\/\/www.sixt.es\/magazine\/novedades\/"},{"@type":"ListItem","position":3,"name":"Sixt crece en el Pa\u00eds Vasco con una nueva oficina en Bilbao"}]},{"@type":"WebSite","@id":"https:\/\/www.sixt.es\/magazine\/#website","url":"https:\/\/www.sixt.es\/magazine\/","name":"SIXT Magazine | Espa\u00f1a","description":"Consejos, viajes y novedades de la industria del autom\u00f3vil y SIXT.","potentialAction":[{"@type":"SearchAction","target":{"@type":"EntryPoint","urlTemplate":"https:\/\/www.sixt.es\/magazine\/?s={search_term_string}"},"query-input":{"@type":"PropertyValueSpecification","valueRequired":true,"valueName":"search_term_string"}}],"inLanguage":"es"},{"@type":"Person","@id":"https:\/\/www.sixt.es\/magazine\/#\/schema\/person\/ed2af37c9b0ee5c0d0358abc9c9c67f1","name":"packermann","image":{"@type":"ImageObject","inLanguage":"es","@id":"https:\/\/www.sixt.es\/magazine\/#\/schema\/person\/image\/","url":"https:\/\/secure.gravatar.com\/avatar\/195d0b7721724d95e00a8ed0c09b668246fc329f4ff3e92513836d6626653185?s=96&d=mm&r=g","contentUrl":"https:\/\/secure.gravatar.com\/avatar\/195d0b7721724d95e00a8ed0c09b668246fc329f4ff3e92513836d6626653185?s=96&d=mm&r=g","caption":"packermann"}}]}},"_links":{"self":[{"href":"https:\/\/www.sixt.es\/magazine\/wp-json\/wp\/v2\/posts\/1621","targetHints":{"allow":["GET"]}}],"collection":[{"href":"https:\/\/www.sixt.es\/magazine\/wp-json\/wp\/v2\/posts"}],"about":[{"href":"https:\/\/www.sixt.es\/magazine\/wp-json\/wp\/v2\/types\/post"}],"author":[{"embeddable":true,"href":"https:\/\/www.sixt.es\/magazine\/wp-json\/wp\/v2\/users\/111"}],"replies":[{"embeddable":true,"href":"https:\/\/www.sixt.es\/magazine\/wp-json\/wp\/v2\/comments?post=1621"}],"version-history":[{"count":0,"href":"https:\/\/www.sixt.es\/magazine\/wp-json\/wp\/v2\/posts\/1621\/revisions"}],"wp:attachment":[{"href":"https:\/\/www.sixt.es\/magazine\/wp-json\/wp\/v2\/media?parent=1621"}],"wp:term":[{"taxonomy":"category","embeddable":true,"href":"https:\/\/www.sixt.es\/magazine\/wp-json\/wp\/v2\/categories?post=1621"},{"taxonomy":"post_tag","embeddable":true,"href":"https:\/\/www.sixt.es\/magazine\/wp-json\/wp\/v2\/tags?post=1621"}],"curies":[{"name":"wp","href":"https:\/\/api.w.org\/{rel}","templated":true}]}}