{"id":3596,"date":"2020-07-16T10:45:00","date_gmt":"2020-07-16T08:45:00","guid":{"rendered":"https:\/\/es.sx-magazine-wp.sixt.io\/magazine\/?p=3596"},"modified":"2026-04-02T11:58:30","modified_gmt":"2026-04-02T09:58:30","slug":"que-ver-santander-un-dia","status":"publish","type":"post","link":"https:\/\/www.sixt.es\/magazine\/viajes\/que-ver-santander-un-dia\/","title":{"rendered":"Qu\u00e9 ver en Santander en un d\u00eda: 8 lugares con mucho encanto"},"content":{"rendered":"\n<p>Santander es una ciudad incre\u00edble, una localidad que combina gastronom\u00eda, cultura, paisajes naturales y zonas urbanas con mucha armon\u00eda. Si no dispones de mucho tiempo y no sabes qu\u00e9 puedes ver en un d\u00eda en Santander, te recomendamos ir directamente a los lugares imprescindibles. La capital de Cantabria dispone de muy buenas comunicaciones con el resto del pa\u00eds y si llegas a la regi\u00f3n en avi\u00f3n <a href=\"https:\/\/www.sixt.es\/alquiler-coches\/espana\/santander\/\" type=\"link\" id=\"https:\/\/www.sixt.es\/alquiler-coches\/espana\/santander\/\" target=\"_blank\" rel=\"noreferrer noopener\">podr\u00e1s recoger tu coche<\/a> de alquiler en el <a href=\"https:\/\/www.sixt.es\/alquiler-coches\/espana\/santander\/santander-apto\">aeropuerto de Santander<\/a>. A continuaci\u00f3n, te proponemos visitar 8 de los lugares con m\u00e1s encanto de la ciudad y sus alrededores.<\/p>\n\n\n\n<figure class=\"wp-block-image\"><img decoding=\"async\" width=\"1140\" height=\"729\" data-src=\"https:\/\/es.sx-magazine-wp.sixt.io\/magazine\/wp-content\/uploads\/sites\/7\/2020\/04\/santander-puerto.jpg\" alt=\"Qu\u00e9 ver en Santander en un d\u00eda: 8 lugares con mucho encanto\" class=\"wp-image-4450 lazyload\" data-srcset=\"https:\/\/www.sixt.es\/magazine\/wp-content\/uploads\/\/sites\/7\/2020\/04\/santander-puerto.jpg 1140w, https:\/\/www.sixt.es\/magazine\/wp-content\/uploads\/\/sites\/7\/2020\/04\/santander-puerto-300x192.jpg 300w, https:\/\/www.sixt.es\/magazine\/wp-content\/uploads\/\/sites\/7\/2020\/04\/santander-puerto-1024x655.jpg 1024w, https:\/\/www.sixt.es\/magazine\/wp-content\/uploads\/\/sites\/7\/2020\/04\/santander-puerto-768x491.jpg 768w\" data-sizes=\"(max-width: 1140px) 100vw, 1140px\" src=\"data:image\/svg+xml;base64,PHN2ZyB3aWR0aD0iMSIgaGVpZ2h0PSIxIiB4bWxucz0iaHR0cDovL3d3dy53My5vcmcvMjAwMC9zdmciPjwvc3ZnPg==\" style=\"--smush-placeholder-width: 1140px; --smush-placeholder-aspect-ratio: 1140\/729;\" \/><\/figure>\n\n\n\n<h2><ol><li>\nCentro de Santander\n<\/li><\/ol><\/h2>\n\n\n\n<p>Puedes empezar tu d\u00eda visitando el bonito centro de Santander. Una de tus primeras paradas debe ser el Mercado de la Esperanza. All\u00ed, podr\u00e1s degustar los manjares de la tierra, adem\u00e1s de disfrutar de la idiosincrasia de sus abarrotados puestos. Tambi\u00e9n podr\u00e1s disfrutar de su arquitectura modernista, que data del a\u00f1o 1904, y que anteriormente hab\u00eda sido un convento. Justo al lado de este mercado se encuentra el Ayuntamiento de Santander. Su fachada de piedra blanca, el escudo de la ciudad en todo lo alto y su reloj tienen un encanto especial, as\u00ed que aseg\u00farate de sacar una buena foto.<\/p>\n\n\n<iframe data-src=\"https:\/\/www.google.com\/maps\/embed?pb=!1m28!1m12!1m3!1d46349.67411896124!2d-3.857808778310888!3d43.44275192640653!2m3!1f0!2f0!3f0!3m2!1i1024!2i768!4f13.1!4m13!3e6!4m5!1s0xd494b94be60fd1d%3A0xe0a08f810b4ed42b!2sSIXT%20Alquiler%20de%20coches%20%7C%20Aeropuerto%20Santander%2C%20Calle%20Aeropuerto%2C%20s%2Fn%2C%2039600%20Malia%C3%B1o%2C%20Cantabria%2C%20Spanien!3m2!1d43.423468!2d-3.8243297999999997!4m5!1s0xd4949ae8a6bee71%3A0xd27cdc801682ba96!2sSantander%2C%20Spanien!3m2!1d43.462305699999995!2d-3.8099803!5e0!3m2!1sde!2sde!4v1594371451917!5m2!1sde!2sde\" width=\"100%\" height=\"450\" frameborder=\"0\" style=\"border:0;\" allowfullscreen=\"\" aria-hidden=\"false\" 0=\"tabindex='0'&gt;&lt;\/iframe\"  src=\"data:image\/svg+xml;base64,PHN2ZyB3aWR0aD0iMSIgaGVpZ2h0PSIxIiB4bWxucz0iaHR0cDovL3d3dy53My5vcmcvMjAwMC9zdmciPjwvc3ZnPg==\" class=\"lazyload\" data-load-mode=\"1\"><\/iframe>\n\n\n\n<p>Distancias desde el <a href=\"https:\/\/www.sixt.es\/alquiler-coches\/espana\/santander\/santander-apto\">aeropuerto Seve Ballesteros<\/a> hasta el centro de Santander.<\/p>\n\n\n\n<h2><ol start=\"2\"><li>\nCatedral de Santander\n<\/li><\/ol><\/h2>\n\n\n\n<p>Tras un paseo por el centro llegaremos a la Catedral de Santander, otro de los lugares que podr\u00e1s ver en un d\u00eda. De estilo g\u00f3tico, su construcci\u00f3n se vio afectada por la guerra civil y el incendio que arras\u00f3 la ciudad en el 1941. Las dos iglesias superpuestas que la forman han sido restauradas respetando su estilo original, sobre todo la inferior, que fue construida originalmente en el siglo XIII. No te puedes perder su claustro, ya que es la parte m\u00e1s bonita de la catedral.<\/p>\n\n\n<iframe data-src=\"https:\/\/www.google.com\/maps\/embed?pb=!1m28!1m12!1m3!1d3443.887108909227!2d-3.8110036237878777!3d43.4615925151678!2m3!1f0!2f0!3f0!3m2!1i1024!2i768!4f13.1!4m13!3e6!4m5!1s0xd4949ae8a6bee71%3A0xd27cdc801682ba96!2sSantander%2C%20Spanien!3m2!1d43.462305699999995!2d-3.8099803!4m5!1s0xd494b1ab6abb779%3A0x41e3c20c2f5cda0e!2sCatedral%20de%20Santander%2C%20Calle%20Somorrostro%2C%20Santander%2C%20Spanien!3m2!1d43.460693299999996!2d-3.8074546999999996!5e0!3m2!1sde!2sde!4v1594371578889!5m2!1sde!2sde\" width=\"100%\" height=\"450\" frameborder=\"0\" style=\"border:0;\" allowfullscreen=\"\" aria-hidden=\"false\" 0=\"tabindex='0'&gt;&lt;\/iframe\"  src=\"data:image\/svg+xml;base64,PHN2ZyB3aWR0aD0iMSIgaGVpZ2h0PSIxIiB4bWxucz0iaHR0cDovL3d3dy53My5vcmcvMjAwMC9zdmciPjwvc3ZnPg==\" class=\"lazyload\" data-load-mode=\"1\"><\/iframe>\n\n\n\n<p>Localizaci\u00f3n de la catedral de Santander.<\/p>\n\n\n\n<h2><ol start=\"3\"><li>\nEl centro Bot\u00edn y el edificio del Banco Santander\n<\/li><\/ol><\/h2>\n\n\n\n<p>Tras visitar la parte antigua de la ciudad podemos dirigirnos al Centro Bot\u00edn, un edificio vanguardista que aloja un centro de arte contempor\u00e1neo, exposiciones y ofrece actividades culturales. Si tienes la oportunidad de subir a su azotea, hazlo, ya que desde all\u00ed podr\u00e1s tener unas maravillosas vistas de la bah\u00eda. Justo al lado nos encontraremos con el enorme edificio del Banco Santander, uno de los iconos de la ciudad. A pesar de su tremendo crecimiento, la sede central de este famoso banco se mantiene en este edificio. Tiene un estilo neocl\u00e1sico y una bonita fachada que puedes admirar en busca de los detalles que la definen.<\/p>\n\n\n<iframe data-src=\"https:\/\/www.google.com\/maps\/embed?pb=!1m28!1m12!1m3!1d1447.9907326807809!2d-3.8069065919207645!3d43.46098414164572!2m3!1f0!2f0!3f0!3m2!1i1024!2i768!4f13.1!4m13!3e6!4m5!1s0xd494b1ab6abb779%3A0x41e3c20c2f5cda0e!2sCatedral%20de%20Santander%2C%20Calle%20Somorrostro%2C%20Santander%2C%20Spanien!3m2!1d43.460693299999996!2d-3.8074546999999996!4m5!1s0xd494bb5679fe537%3A0x673007e00853e535!2sCentro%20Bot%C3%ADn%2C%20Paseo%20de%20Pereda%2C%20Santander%2C%20Spanien!3m2!1d43.4603365!2d-3.8040985999999997!5e0!3m2!1sde!2sde!4v1594371692745!5m2!1sde!2sde\" width=\"100%\" height=\"450\" frameborder=\"0\" style=\"border:0;\" allowfullscreen=\"\" aria-hidden=\"false\" 0=\"tabindex='0'&gt;&lt;\/iframe\"  src=\"data:image\/svg+xml;base64,PHN2ZyB3aWR0aD0iMSIgaGVpZ2h0PSIxIiB4bWxucz0iaHR0cDovL3d3dy53My5vcmcvMjAwMC9zdmciPjwvc3ZnPg==\" class=\"lazyload\" data-load-mode=\"1\"><\/iframe>\n\n\n\n<p>Distancias desde la catedral hasta el Centro Bot\u00edn.<\/p>\n\n\n\n<h2><ol start=\"4\"><li>\nLa Gr\u00faa de Piedra y el Palacete del Embarcadero\n<\/li><\/ol><\/h2>\n\n\n\n<p>Sin alejarnos del Centro Bot\u00edn estaremos viendo tambi\u00e9n otro de los monumentos m\u00e1s ic\u00f3nicos de la ciudad, la Gr\u00faa de Piedra. Tiene una altura aproximada de veinte metros y estuvo funcionando desde el a\u00f1o 1900 hasta finales del siglo pasado. Su funci\u00f3n era cargar y descargar los barcos que atracaban cerca de ella. Cuando dej\u00f3 de utilizarse, el ayuntamiento la dej\u00f3 en representaci\u00f3n de la tradici\u00f3n industrial y portuaria que existe en la capital c\u00e1ntabra. Si te diriges al paseo mar\u00edtimo te encontrar\u00e1s con el Palacete del Embarcadero. En este edificio situado frente al mar Cant\u00e1brico se celebran multitud de exposiciones, conferencias y otros tipos de actividades culturales. Fue inaugurado en 1932 y desde este a\u00f1o ha sido utilizado para diferentes menesteres, pasando de sede de la polic\u00eda armada a estaci\u00f3n de pasajeros.<\/p>\n\n\n<iframe data-src=\"https:\/\/www.google.com\/maps\/embed?pb=!1m28!1m12!1m3!1d1447.9957992387149!2d-3.8051470419207423!3d43.46077259165255!2m3!1f0!2f0!3f0!3m2!1i1024!2i768!4f13.1!4m13!3e6!4m5!1s0xd494bb5679fe537%3A0x673007e00853e535!2sCentro%20Bot%C3%ADn%2C%20Paseo%20de%20Pereda%2C%20Santander%2C%20Spanien!3m2!1d43.4603365!2d-3.8040985999999997!4m5!1s0xd494bb513bb8cf1%3A0x1939c6cd53992b36!2sGr%C3%BAa%20de%20Piedra%2C%20Calle%20Muelle%20de%20Calder%C3%B3n%2C%20Santander%2C%20Spanien!3m2!1d43.460764999999995!2d-3.8029990999999996!5e0!3m2!1sde!2sde!4v1594371765905!5m2!1sde!2sde\" width=\"100%\" height=\"450\" frameborder=\"0\" style=\"border:0;\" allowfullscreen=\"\" aria-hidden=\"false\" 0=\"tabindex='0'&gt;&lt;\/iframe\"  src=\"data:image\/svg+xml;base64,PHN2ZyB3aWR0aD0iMSIgaGVpZ2h0PSIxIiB4bWxucz0iaHR0cDovL3d3dy53My5vcmcvMjAwMC9zdmciPjwvc3ZnPg==\" class=\"lazyload\" data-load-mode=\"1\"><\/iframe>\n\n\n\n<p>Distancias desde el Centro Bot\u00edn hasta la Gr\u00faa de Piedra.<\/p>\n\n\n\n<h2><ol start=\"5\"><li>\nPlaza Porticada\n<\/li><\/ol><\/h2>\n\n\n\n<p>Tras dar un paseo por el puerto puedes volver sobre tus pasos para llegar a la Plaza Porticada, en el mism\u00edsimo centro de la ciudad. Es el lugar de encuentro de los habitantes de la ciudad, donde podr\u00e1s tomar algo o comer en uno de sus restaurantes. Tambi\u00e9n puedes dar un paseo por la calle Juan Herrera, una de las mayores calles comerciales de la ciudad, donde encontrar\u00e1s todo tipo de comercios.<\/p>\n\n\n<iframe data-src=\"https:\/\/www.google.com\/maps\/embed?pb=!1m28!1m12!1m3!1d1447.9736516129976!2d-3.8053731919207423!3d43.461697341622724!2m3!1f0!2f0!3f0!3m2!1i1024!2i768!4f13.1!4m13!3e6!4m5!1s0xd494bb513bb8cf1%3A0x1939c6cd53992b36!2sGr%C3%BAa%20de%20Piedra%2C%20Calle%20Muelle%20de%20Calder%C3%B3n%2C%20Santander%2C%20Spanien!3m2!1d43.460764999999995!2d-3.8029990999999996!4m5!1s0xd494bca5ad79383%3A0x85ae29e302cd24d8!2sPlaza%20Porticada%20(Plaza%20Pedro%20Velarde)%2C%20Plaza%20Porticada%2C%20Santander%2C%20Spanien!3m2!1d43.46225!2d-3.8062598!5e0!3m2!1sde!2sde!4v1594371839641!5m2!1sde!2sde\" width=\"100%\" height=\"450\" frameborder=\"0\" style=\"border:0;\" allowfullscreen=\"\" aria-hidden=\"false\" 0=\"tabindex='0'&gt;&lt;\/iframe\"  src=\"data:image\/svg+xml;base64,PHN2ZyB3aWR0aD0iMSIgaGVpZ2h0PSIxIiB4bWxucz0iaHR0cDovL3d3dy53My5vcmcvMjAwMC9zdmciPjwvc3ZnPg==\" class=\"lazyload\" data-load-mode=\"1\"><\/iframe>\n\n\n\n<p>Distancias desde la Gr\u00faa de Piedra hasta la Plaza Porticada.<\/p>\n\n\n\n<h2><ol start=\"6\"><li>\nPen\u00ednsula y Palacio de la Magdalena\n<\/li><\/ol><\/h2>\n\n\n\n<p>Tras haber visto toda la anterior zona de Santander, puedes coger el coche para desplazarte hasta la pen\u00ednsula de la Magdalena, recorriendo la avenida de la Reina Victoria durante 20 minutos. Esta es la zona m\u00e1s tur\u00edstica de Santander y tambi\u00e9n una de las m\u00e1s importantes de su historia, ya que desde all\u00ed se controlaba el acceso a la bah\u00eda de Santander. En la pen\u00ednsula podremos visitar la playa de la Magdalena o el palacio que regalaron a Alfonso XIII, que tambi\u00e9n podr\u00e1s ver por dentro. Tambi\u00e9n podr\u00e1s visitar un peque\u00f1o Zoo con animales marinos, visitar el monumento en honor a F\u00e9lix Rodr\u00edguez de la Fuente o dar un paseo por un bosque de pinos.<\/p>\n\n\n<iframe data-src=\"https:\/\/www.google.com\/maps\/embed?pb=!1m28!1m12!1m3!1d23165.252929620987!2d-3.8028722248528757!3d43.46776561077319!2m3!1f0!2f0!3f0!3m2!1i1024!2i768!4f13.1!4m13!3e6!4m5!1s0xd494bca5ad79383%3A0x85ae29e302cd24d8!2sPlaza%20Porticada%20(Plaza%20Pedro%20Velarde)%2C%20Plaza%20Porticada%2C%20Santander%2C%20Spanien!3m2!1d43.46225!2d-3.8062598!4m5!1s0xd494b1833ea3319%3A0xb3b371589feef001!2sPalacio%20de%20la%20Magdalena%2C%20Avenida%20de%20la%20Reina%20Victoria%2C%20Santander%2C%20Spanien!3m2!1d43.469283!2d-3.7662679999999997!5e0!3m2!1sde!2sde!4v1594371939633!5m2!1sde!2sde\" width=\"100%\" height=\"450\" frameborder=\"0\" style=\"border:0;\" allowfullscreen=\"\" aria-hidden=\"false\" 0=\"tabindex='0'&gt;&lt;\/iframe\"  src=\"data:image\/svg+xml;base64,PHN2ZyB3aWR0aD0iMSIgaGVpZ2h0PSIxIiB4bWxucz0iaHR0cDovL3d3dy53My5vcmcvMjAwMC9zdmciPjwvc3ZnPg==\" class=\"lazyload\" data-load-mode=\"1\"><\/iframe>\n\n\n\n<p>Distancias desde la Plaza Porticada hasta el palacio de la Magdalena.<\/p>\n\n\n\n<h2><ol start=\"7\"><li>\nPlaya del Sardinero\n<\/li><\/ol><\/h2>\n\n\n\n<p>A tan solo unos pasos de la pen\u00ednsula de la Magdalena est\u00e1 otro de los lugares que debes ver en Santander durante tu visita de un d\u00eda: la playa del Sardinero, una de las playas urbanas m\u00e1s famosas de Espa\u00f1a y uno de los lugares de ocio preferidos de los lugare\u00f1os. Es un animado lugar donde poder dar un paseo por su arena dorada o por su abarrotado paseo mar\u00edtimo. Desde aqu\u00ed, tendr\u00e1s unas maravillosas vistas de la bah\u00eda de Santander, que podr\u00e1s admirar mientras te das un chapuz\u00f3n en sus n\u00edtidas aguas.<\/p>\n\n\n<iframe data-src=\"https:\/\/www.google.com\/maps\/embed?pb=!1m28!1m12!1m3!1d11581.762506113144!2d-3.7868519713367026!3d43.47227408810849!2m3!1f0!2f0!3f0!3m2!1i1024!2i768!4f13.1!4m13!3e6!4m5!1s0xd494b1833ea3319%3A0xb3b371589feef001!2sPalacio%20de%20la%20Magdalena%2C%20Avenida%20de%20la%20Reina%20Victoria%2C%20Santander%2C%20Spanien!3m2!1d43.469283!2d-3.7662679999999997!4m5!1s0xd494ba1fbc5b23d%3A0xe378ac5cc8b97129!2sPlaya%20del%20Sardinero%2C%20Avenida%20Manuel%20Garc%C3%ADa%20Lago%2C%20Santander%2C%20Spanien!3m2!1d43.4774664!2d-3.7873582999999997!5e0!3m2!1sde!2sde!4v1594372125218!5m2!1sde!2sde\" width=\"100%\" height=\"450\" frameborder=\"0\" style=\"border:0;\" allowfullscreen=\"\" aria-hidden=\"false\" 0=\"tabindex='0'&gt;&lt;\/iframe\"  src=\"data:image\/svg+xml;base64,PHN2ZyB3aWR0aD0iMSIgaGVpZ2h0PSIxIiB4bWxucz0iaHR0cDovL3d3dy53My5vcmcvMjAwMC9zdmciPjwvc3ZnPg==\" class=\"lazyload\" data-load-mode=\"1\"><\/iframe>\n\n\n\n<p>Distancias desde el palacio de la Magdalena hasta El Sardinero.<\/p>\n\n\n\n<h2><ol start=\"8\"><li>\nFaro de Cabo Mayor\n<\/li><\/ol><\/h2>\n\n\n\n<p>Si tienes un poco m\u00e1s de tiempo puedes dirigirte con tu coche hacia el faro de Cabo Mayor. Fue inaugurado en el a\u00f1o 1839 en el punto m\u00e1s alto de la costa, para que los barcos que se acercaran lo vieran sin ning\u00fan tipo de problema. Tanto en su base como en sus edificios anexos podemos visitar unas interesantes exposiciones sobre faros. Estando aqu\u00ed, deber\u00e1s acercarte a la playa de Matale\u00f1as y acabar tu visita en el Parque de Cabo Mayor, desde donde podr\u00e1s observar un paisaje precioso lleno de acantilados mientras recuperas energ\u00edas en su bar\/restaurante.<\/p>\n\n\n<iframe data-src=\"https:\/\/www.google.com\/maps\/embed?pb=!1m28!1m12!1m3!1d46338.65217167134!2d-3.8692155281707867!3d43.45713646144141!2m3!1f0!2f0!3f0!3m2!1i1024!2i768!4f13.1!4m13!3e6!4m5!1s0xd494a01c6e7ce83%3A0x783cd25e817bca20!2sAeropuerto%20de%20Santander-Seve%20Ballesteros%2C%20Carretera%20del%20aeropuerto%2C%20Malia%C3%B1o%2C%20Spanien!3m2!1d43.4265657!2d-3.8217863!4m5!1s0xd494b84f3d0128b%3A0x4fbea045ebf79e8a!2sFaro%20de%20Cabo%20Mayor%2C%20Faro%20Cabo%20Mayor%2C%20Santander%2C%20Spanien!3m2!1d43.4904059!2d-3.7907857999999997!5e0!3m2!1sde!2sde!4v1594372221837!5m2!1sde!2sde\" width=\"100%\" height=\"450\" frameborder=\"0\" style=\"border:0;\" allowfullscreen=\"\" aria-hidden=\"false\" 0=\"tabindex='0'&gt;&lt;\/iframe\"  src=\"data:image\/svg+xml;base64,PHN2ZyB3aWR0aD0iMSIgaGVpZ2h0PSIxIiB4bWxucz0iaHR0cDovL3d3dy53My5vcmcvMjAwMC9zdmciPjwvc3ZnPg==\" class=\"lazyload\" data-load-mode=\"1\"><\/iframe>\n\n\n\n<p>Distancias desde el <a href=\"https:\/\/www.sixt.es\/alquiler-coches\/espana\/santander\/santander-apto\">aeropuerto de Santander<\/a> hasta el faro de Cabo Mayor.<\/p>\n<!-- AddThis Advanced Settings generic via filter on the_content --><!-- AddThis Share Buttons generic via filter on the_content -->","protected":false},"excerpt":{"rendered":"<p>Santander es una ciudad incre\u00edble, una localidad que combina gastronom\u00eda, cultura, paisajes naturales y zonas urbanas con mucha armon\u00eda. Si no dispones de mucho tiempo y no sabes qu\u00e9 puedes ver en un d\u00eda en Santander, te recomendamos ir directamente a los lugares imprescindibles. La capital de Cantabria dispone de muy buenas comunicaciones con el&#8230;<!-- AddThis Advanced Settings generic via filter on get_the_excerpt --><!-- AddThis Share Buttons generic via filter on get_the_excerpt --><\/p>\n","protected":false},"author":19,"featured_media":4450,"comment_status":"open","ping_status":"open","sticky":false,"template":"","format":"standard","meta":{"_genesis_hide_title":false,"_genesis_hide_breadcrumbs":false,"_genesis_hide_singular_image":false,"_genesis_hide_footer_widgets":false,"_genesis_custom_body_class":"","_genesis_custom_post_class":"","_genesis_layout":"","ngg_post_thumbnail":0,"footnotes":""},"categories":[3],"tags":[38],"class_list":{"0":"post-3596","1":"post","2":"type-post","3":"status-publish","4":"format-standard","5":"has-post-thumbnail","7":"category-viajes","8":"tag-espana","9":"entry"},"yoast_head":"<!-- This site is optimized with the Yoast SEO plugin v27.1.1 - https:\/\/yoast.com\/product\/yoast-seo-wordpress\/ -->\n<title>Qu\u00e9 ver en Santander en un d\u00eda: 8 lugares con mucho encanto | SIXT Magazine | Espa\u00f1a<\/title>\n<meta name=\"description\" content=\"Si vas a visitar Santander y te gustar\u00eda saber qu\u00e9 puedes ver en un d\u00eda, te recomendamos tomar nota de estos 8 lugares imprescindibles.\" \/>\n<meta name=\"robots\" content=\"index, follow, max-snippet:-1, max-image-preview:large, max-video-preview:-1\" \/>\n<link rel=\"canonical\" href=\"https:\/\/www.sixt.es\/magazine\/viajes\/que-ver-santander-un-dia\/\" \/>\n<meta property=\"og:locale\" content=\"es_ES\" \/>\n<meta property=\"og:type\" content=\"article\" \/>\n<meta property=\"og:title\" content=\"Qu\u00e9 ver en Santander en un d\u00eda: 8 lugares con mucho encanto | SIXT Magazine | Espa\u00f1a\" \/>\n<meta property=\"og:description\" content=\"Si vas a visitar Santander y te gustar\u00eda saber qu\u00e9 puedes ver en un d\u00eda, te recomendamos tomar nota de estos 8 lugares imprescindibles.\" \/>\n<meta property=\"og:url\" content=\"https:\/\/www.sixt.es\/magazine\/viajes\/que-ver-santander-un-dia\/\" \/>\n<meta property=\"og:site_name\" content=\"SIXT Magazine | Espa\u00f1a\" \/>\n<meta property=\"article:publisher\" content=\"https:\/\/www.facebook.com\/sixtalquilerdecoches\/\" \/>\n<meta property=\"article:published_time\" content=\"2020-07-16T08:45:00+00:00\" \/>\n<meta property=\"article:modified_time\" content=\"2026-04-02T09:58:30+00:00\" \/>\n<meta property=\"og:image\" content=\"https:\/\/www.sixt.es\/magazine\/wp-content\/uploads\/\/sites\/7\/2020\/04\/santander-puerto.jpg\" \/>\n\t<meta property=\"og:image:width\" content=\"1140\" \/>\n\t<meta property=\"og:image:height\" content=\"729\" \/>\n\t<meta property=\"og:image:type\" content=\"image\/jpeg\" \/>\n<meta name=\"twitter:card\" content=\"summary_large_image\" \/>\n<meta name=\"twitter:creator\" content=\"@sixtespana\" \/>\n<meta name=\"twitter:site\" content=\"@sixtespana\" \/>\n<meta name=\"twitter:label1\" content=\"Escrito por\" \/>\n\t<meta name=\"twitter:data1\" content=\"\" \/>\n\t<meta name=\"twitter:label2\" content=\"Tiempo de lectura\" \/>\n\t<meta name=\"twitter:data2\" content=\"6 minutos\" \/>\n<!-- \/ Yoast SEO plugin. -->","yoast_head_json":{"title":"Qu\u00e9 ver en Santander en un d\u00eda: 8 lugares con mucho encanto | SIXT Magazine | Espa\u00f1a","description":"Si vas a visitar Santander y te gustar\u00eda saber qu\u00e9 puedes ver en un d\u00eda, te recomendamos tomar nota de estos 8 lugares imprescindibles.","robots":{"index":"index","follow":"follow","max-snippet":"max-snippet:-1","max-image-preview":"max-image-preview:large","max-video-preview":"max-video-preview:-1"},"canonical":"https:\/\/www.sixt.es\/magazine\/viajes\/que-ver-santander-un-dia\/","og_locale":"es_ES","og_type":"article","og_title":"Qu\u00e9 ver en Santander en un d\u00eda: 8 lugares con mucho encanto | SIXT Magazine | Espa\u00f1a","og_description":"Si vas a visitar Santander y te gustar\u00eda saber qu\u00e9 puedes ver en un d\u00eda, te recomendamos tomar nota de estos 8 lugares imprescindibles.","og_url":"https:\/\/www.sixt.es\/magazine\/viajes\/que-ver-santander-un-dia\/","og_site_name":"SIXT Magazine | Espa\u00f1a","article_publisher":"https:\/\/www.facebook.com\/sixtalquilerdecoches\/","article_published_time":"2020-07-16T08:45:00+00:00","article_modified_time":"2026-04-02T09:58:30+00:00","og_image":[{"width":1140,"height":729,"url":"https:\/\/www.sixt.es\/magazine\/wp-content\/uploads\/\/sites\/7\/2020\/04\/santander-puerto.jpg","type":"image\/jpeg"}],"twitter_card":"summary_large_image","twitter_creator":"@sixtespana","twitter_site":"@sixtespana","twitter_misc":{"Escrito por":"","Tiempo de lectura":"6 minutos"},"schema":{"@context":"https:\/\/schema.org","@graph":[{"@type":"Article","@id":"https:\/\/www.sixt.es\/magazine\/viajes\/que-ver-santander-un-dia\/#article","isPartOf":{"@id":"https:\/\/www.sixt.es\/magazine\/viajes\/que-ver-santander-un-dia\/"},"author":{"name":"","@id":""},"headline":"Qu\u00e9 ver en Santander en un d\u00eda: 8 lugares con mucho encanto","datePublished":"2020-07-16T08:45:00+00:00","dateModified":"2026-04-02T09:58:30+00:00","mainEntityOfPage":{"@id":"https:\/\/www.sixt.es\/magazine\/viajes\/que-ver-santander-un-dia\/"},"wordCount":1895,"commentCount":0,"image":{"@id":"https:\/\/www.sixt.es\/magazine\/viajes\/que-ver-santander-un-dia\/#primaryimage"},"thumbnailUrl":"https:\/\/www.sixt.es\/magazine\/wp-content\/uploads\/\/sites\/7\/2020\/04\/santander-puerto.jpg","keywords":["espa\u00f1a"],"articleSection":["Viajes"],"inLanguage":"es","potentialAction":[{"@type":"CommentAction","name":"Comment","target":["https:\/\/www.sixt.es\/magazine\/viajes\/que-ver-santander-un-dia\/#respond"]}]},{"@type":"WebPage","@id":"https:\/\/www.sixt.es\/magazine\/viajes\/que-ver-santander-un-dia\/","url":"https:\/\/www.sixt.es\/magazine\/viajes\/que-ver-santander-un-dia\/","name":"Qu\u00e9 ver en Santander en un d\u00eda: 8 lugares con mucho encanto | SIXT Magazine | Espa\u00f1a","isPartOf":{"@id":"https:\/\/www.sixt.es\/magazine\/#website"},"primaryImageOfPage":{"@id":"https:\/\/www.sixt.es\/magazine\/viajes\/que-ver-santander-un-dia\/#primaryimage"},"image":{"@id":"https:\/\/www.sixt.es\/magazine\/viajes\/que-ver-santander-un-dia\/#primaryimage"},"thumbnailUrl":"https:\/\/www.sixt.es\/magazine\/wp-content\/uploads\/\/sites\/7\/2020\/04\/santander-puerto.jpg","datePublished":"2020-07-16T08:45:00+00:00","dateModified":"2026-04-02T09:58:30+00:00","author":{"@id":""},"description":"Si vas a visitar Santander y te gustar\u00eda saber qu\u00e9 puedes ver en un d\u00eda, te recomendamos tomar nota de estos 8 lugares imprescindibles.","breadcrumb":{"@id":"https:\/\/www.sixt.es\/magazine\/viajes\/que-ver-santander-un-dia\/#breadcrumb"},"inLanguage":"es","potentialAction":[{"@type":"ReadAction","target":["https:\/\/www.sixt.es\/magazine\/viajes\/que-ver-santander-un-dia\/"]}]},{"@type":"ImageObject","inLanguage":"es","@id":"https:\/\/www.sixt.es\/magazine\/viajes\/que-ver-santander-un-dia\/#primaryimage","url":"https:\/\/www.sixt.es\/magazine\/wp-content\/uploads\/\/sites\/7\/2020\/04\/santander-puerto.jpg","contentUrl":"https:\/\/www.sixt.es\/magazine\/wp-content\/uploads\/\/sites\/7\/2020\/04\/santander-puerto.jpg","width":1140,"height":729,"caption":"Qu\u00e9 ver en Santander en un d\u00eda: 8 lugares con mucho encanto"},{"@type":"BreadcrumbList","@id":"https:\/\/www.sixt.es\/magazine\/viajes\/que-ver-santander-un-dia\/#breadcrumb","itemListElement":[{"@type":"ListItem","position":1,"name":"Home","item":"https:\/\/www.sixt.es\/magazine\/"},{"@type":"ListItem","position":2,"name":"Viajes","item":"https:\/\/www.sixt.es\/magazine\/viajes\/"},{"@type":"ListItem","position":3,"name":"Qu\u00e9 ver en Santander en un d\u00eda: 8 lugares con mucho encanto"}]},{"@type":"WebSite","@id":"https:\/\/www.sixt.es\/magazine\/#website","url":"https:\/\/www.sixt.es\/magazine\/","name":"SIXT Magazine | Espa\u00f1a","description":"Consejos, viajes y novedades de la industria del autom\u00f3vil y SIXT.","potentialAction":[{"@type":"SearchAction","target":{"@type":"EntryPoint","urlTemplate":"https:\/\/www.sixt.es\/magazine\/?s={search_term_string}"},"query-input":{"@type":"PropertyValueSpecification","valueRequired":true,"valueName":"search_term_string"}}],"inLanguage":"es"},{"@type":"Person","@id":""}]}},"_links":{"self":[{"href":"https:\/\/www.sixt.es\/magazine\/wp-json\/wp\/v2\/posts\/3596","targetHints":{"allow":["GET"]}}],"collection":[{"href":"https:\/\/www.sixt.es\/magazine\/wp-json\/wp\/v2\/posts"}],"about":[{"href":"https:\/\/www.sixt.es\/magazine\/wp-json\/wp\/v2\/types\/post"}],"author":[{"embeddable":true,"href":"https:\/\/www.sixt.es\/magazine\/wp-json\/wp\/v2\/users\/19"}],"replies":[{"embeddable":true,"href":"https:\/\/www.sixt.es\/magazine\/wp-json\/wp\/v2\/comments?post=3596"}],"version-history":[{"count":1,"href":"https:\/\/www.sixt.es\/magazine\/wp-json\/wp\/v2\/posts\/3596\/revisions"}],"predecessor-version":[{"id":7293,"href":"https:\/\/www.sixt.es\/magazine\/wp-json\/wp\/v2\/posts\/3596\/revisions\/7293"}],"wp:featuredmedia":[{"embeddable":true,"href":"https:\/\/www.sixt.es\/magazine\/wp-json\/wp\/v2\/media\/4450"}],"wp:attachment":[{"href":"https:\/\/www.sixt.es\/magazine\/wp-json\/wp\/v2\/media?parent=3596"}],"wp:term":[{"taxonomy":"category","embeddable":true,"href":"https:\/\/www.sixt.es\/magazine\/wp-json\/wp\/v2\/categories?post=3596"},{"taxonomy":"post_tag","embeddable":true,"href":"https:\/\/www.sixt.es\/magazine\/wp-json\/wp\/v2\/tags?post=3596"}],"curies":[{"name":"wp","href":"https:\/\/api.w.org\/{rel}","templated":true}]}}